{"id":17263,"date":"2026-03-13T14:54:22","date_gmt":"2026-03-13T13:54:22","guid":{"rendered":"https:\/\/www.eteach-thueringen.de\/?p=17263"},"modified":"2026-03-16T16:13:50","modified_gmt":"2026-03-16T15:13:50","slug":"between-school-and-university-eteach-at-the-kickoff-of-the-thuringian-schools-digital-strategy","status":"publish","type":"post","link":"https:\/\/www.eteach-thueringen.de\/en\/zwischen-schule-und-hochschule-eteach-beim-kickoff-der-digitalstrategie-thueringer-schulen\/","title":{"rendered":"Between school and university: eTeach at the kick-off of the digital strategy for Thuringian schools"},"content":{"rendered":"<div data-elementor-type=\"wp-post\" data-elementor-id=\"17263\" class=\"elementor elementor-17263\" data-elementor-post-type=\"post\">\n\t\t\t\t<div class=\"elementor-element elementor-element-3769956 e-flex e-con-boxed e-con e-parent\" data-id=\"3769956\" data-element_type=\"container\" data-e-type=\"container\">\n\t\t\t\t\t<div class=\"e-con-inner\">\n\t\t\t\t<div class=\"elementor-element elementor-element-674b52f elementor-widget elementor-widget-heading\" data-id=\"674b52f\" data-element_type=\"widget\" data-e-type=\"widget\" data-widget_type=\"heading.default\">\n\t\t\t\t<div class=\"elementor-widget-container\">\n\t\t\t\t\t<h2 class=\"elementor-heading-title elementor-size-default\">Thinking digital education together<\/h2>\t\t\t\t<\/div>\n\t\t\t\t<\/div>\n\t\t\t\t\t<\/div>\n\t\t\t\t<\/div>\n\t\t<div class=\"elementor-element elementor-element-0d5e96f e-flex e-con-boxed e-con e-parent\" data-id=\"0d5e96f\" data-element_type=\"container\" data-e-type=\"container\">\n\t\t\t\t\t<div class=\"e-con-inner\">\n\t\t\t\t<div class=\"elementor-element elementor-element-cd5520c elementor-widget elementor-widget-text-editor\" data-id=\"cd5520c\" data-element_type=\"widget\" data-e-type=\"widget\" data-widget_type=\"text-editor.default\">\n\t\t\t\t<div class=\"elementor-widget-container\">\n\t\t\t\t\t\t\t\t\t<p>Yesterday afternoon, the starting signal was given at the University of Erfurt for the further development of the Thuringian Schools 2024+ digital strategy. The event was organized by the Thuringian Ministry of Education, Science and Culture (TMBWK) and the Thuringian Institute for Teacher Training, Curriculum Development and Media (ThILLM). Numerous stakeholders from schools, science, administration and educational projects came together to discuss perspectives for the digital transformation of the school system in Thuringia. The eTeach Network Thuringia was also represented at the event to present its services to support digital university teaching and to network with partners from the field of school media education.<\/p><h5><strong>Networking as the key to media education<\/strong><\/h5><p>It was already clear in the welcoming speeches that digitalization is to be further strengthened as a central cross-cutting topic in the education sector. Education Minister Christian Tischner particularly emphasized the importance of sustainable structures: in addition to the continuation of the Digital Pact funding, a separate department for digital education will strengthen the link between theory and practice. At the same time, the introduction of a subject for media studies and media education was highlighted as an important step.<\/p><p>Walter Bauer-Wabnegg, President of the University of Erfurt, also emphasized the importance of a strong network, as media skills can only be developed through interaction between stakeholders from schools, universities, science, culture and educational practice. The role of the eTeach network, which works at the interface between university didactics, digital teaching and educational innovation, is particularly evident here.<\/p><h5><strong>Best practice examples from Thuringian schools<\/strong><\/h5><p>A special item on the agenda were four practical reports from Thuringian schools that are already taking innovative approaches to digitalization.<\/p><p>Maik Poser, head of the \u201eHans Settegast\u201c regular school in Bad K\u00f6stritz, presented a school concept that focuses on self-organized learning in so-called learning studios. Pupils work at individual workstations using skills grids. Teachers increasingly act as learning guides, while materials are provided digitally via an app. Teaching and learning are thus more strongly decoupled from each other and supplemented by regular coaching sessions.<\/p><p>Matthias Grywatsch from the Unstrut-Hainich vocational school campus in M\u00fchlhausen also emphasized that technology alone is not enough. Although digital platforms, tablets and digital whiteboards have improved communication with learners and reduced lesson absences, acceptance among the teaching staff and a reliable technical infrastructure are crucial. For the future, he would like to see more training courses for teachers in particular.<\/p><p>Another example was presented by Mike Noack from Rh\u00f6n-Gymnasium Kaltensundheim. There, iPads are used specifically in lessons, supported by a clearly defined set of standard apps. At the same time, learning islands have been created and parents are actively involved in school development. Particularly innovative: so-called iPad buddies, i.e. pupils who support their classmates and teachers with technical questions.<\/p><p>Finally, Christina Weise, head of the state vocational school Karl-Volkmar-Stoy-Schule Jena, emphasized the importance of future skills and AI skills to prepare young people for an increasingly digital working and living environment. This requires continuous training, digital licenses for learning platforms and a school culture in which teachers see themselves more as learning guides.<\/p><p class=\"isSelectedEnd\">The practical examples made it clear how diverse digital school development can already be today - from new learning space concepts and digital tools to changing perceptions of the roles of teachers and learners. At the same time, these approaches open up exciting <strong>Starting points for university teaching<\/strong>. Topics such as self-organized learning, competence-oriented teaching design, digital learning platforms or the role of teachers as learning guides are also central issues in university didactics.<\/p><p>This exchange provides valuable impetus for the eTeach network in Thuringia. As a state-wide network for the promotion of digitally supported university teaching, eTeach supports teachers in the development of innovative teaching and learning formats and promotes the exchange of good practice. The school concepts presented show that many challenges, such as the promotion of self-learning skills, the sensible use of digital tools or the qualification of teachers, affect school and university education in equal measure. Formats such as the strategy kick-off therefore create important spaces for combining perspectives from schools and universities and learning from each other.<\/p><h5><strong>Working together on the digital strategy<\/strong><\/h5><p>Following the impulses, the participants worked together on central questions of the digital strategy. The focus was on four fields of action:<\/p><ol><li><strong>Equipment, administration and data protection<\/strong><br \/>Among other things, a country-specific evaluation of the technical infrastructure and its sustainable support was discussed.<\/li><li><strong>Teaching and learning in a culture of digitality<\/strong><br \/>The focus here was on the further development of framework plans and competency models, the revision of curricula for media education and computer science as well as topics such as distance learning, AI applications and the promotion of resilience and conscious digital time-outs.<\/li><li><strong>Teacher training and further training<\/strong><br \/>New roles such as a \u201eschool coordinator for media education\u201c, demand-oriented further training courses and, in the future, a course of study in the field of media education for teachers were considered.<\/li><li><strong>Extracurricular partners and contexts of media education<\/strong><br \/>Cooperation with external partners, competitions and specialist days are intended to strengthen creative approaches to media education.<\/li><\/ol><h5>\u00a0<\/h5><h5><strong>Exchange with numerous educational stakeholders<\/strong><\/h5><p>In addition to the eTeach network, many other initiatives and projects were represented, including the Thuringian school cloud, the workshop for media education at the University of Erfurt, the AI chatbot project telli, the Digitalmacherei with offers on programming, coding and robotics as well as the TMBWK's Strategic Media Education department. The intensive exchange between school and non-school partners made it clear how important cooperation is for the successful implementation of digital education.<\/p><h5><strong>Role of the eTeach network<\/strong><\/h5><p>For the eTeach network, the event offered a valuable opportunity to gain insights into current developments in school media education and at the same time to contribute its own perspectives from university teaching. There are numerous points of contact for future cooperation, particularly in the area of teacher training and the qualification of teachers at universities.<\/p><p>The event made it clear that the digitalization of education is not just a question of technical equipment. Above all, networking, qualification and a shared vision for teaching and learning in a culture of digitality are crucial. The kick-off event in Erfurt provided an important impetus for this.<\/p>\t\t\t\t\t\t\t\t<\/div>\n\t\t\t\t<\/div>\n\t\t\t\t\t<\/div>\n\t\t\t\t<\/div>\n\t\t<div class=\"elementor-element elementor-element-465564e e-flex e-con-boxed e-con e-parent\" data-id=\"465564e\" data-element_type=\"container\" data-e-type=\"container\">\n\t\t\t\t\t<div class=\"e-con-inner\">\n\t\t\t\t<div class=\"elementor-element elementor-element-051e9c5 elementor-widget elementor-widget-gallery\" data-id=\"051e9c5\" data-element_type=\"widget\" data-e-type=\"widget\" data-settings=\"{&quot;lazyload&quot;:&quot;yes&quot;,&quot;gallery_layout&quot;:&quot;grid&quot;,&quot;columns&quot;:4,&quot;columns_tablet&quot;:2,&quot;columns_mobile&quot;:1,&quot;gap&quot;:{&quot;unit&quot;:&quot;px&quot;,&quot;size&quot;:10,&quot;sizes&quot;:[]},&quot;gap_laptop&quot;:{&quot;unit&quot;:&quot;px&quot;,&quot;size&quot;:10,&quot;sizes&quot;:[]},&quot;gap_tablet&quot;:{&quot;unit&quot;:&quot;px&quot;,&quot;size&quot;:10,&quot;sizes&quot;:[]},&quot;gap_mobile&quot;:{&quot;unit&quot;:&quot;px&quot;,&quot;size&quot;:10,&quot;sizes&quot;:[]},&quot;link_to&quot;:&quot;file&quot;,&quot;aspect_ratio&quot;:&quot;3:2&quot;,&quot;overlay_background&quot;:&quot;yes&quot;,&quot;content_hover_animation&quot;:&quot;fade-in&quot;}\" data-widget_type=\"gallery.default\">\n\t\t\t\t<div class=\"elementor-widget-container\">\n\t\t\t\t\t\t\t<div class=\"elementor-gallery__container\">\n\t\t\t\t\t\t\t<a class=\"e-gallery-item elementor-gallery-item elementor-animated-content\" href=\"https:\/\/www.eteach-thueringen.de\/wp-content\/uploads\/2026\/03\/IMG_5778.jpeg\" data-elementor-open-lightbox=\"yes\" data-elementor-lightbox-slideshow=\"051e9c5\" data-elementor-lightbox-title=\"Begr\u00fc\u00dfung durch Iren Schulz, Referentin f\u00fcr Grundsatzfragen der Schul- und Unterrichtsentwicklung\" data-e-action-hash=\"#elementor-action%3Aaction%3Dlightbox%26settings%3DeyJpZCI6MTczMDksInVybCI6Imh0dHBzOlwvXC93d3cuZXRlYWNoLXRodWVyaW5nZW4uZGVcL3dwLWNvbnRlbnRcL3VwbG9hZHNcLzIwMjZcLzAzXC9JTUdfNTc3OC5qcGVnIiwic2xpZGVzaG93IjoiMDUxZTljNSJ9\">\n\t\t\t\t\t<div class=\"e-gallery-image elementor-gallery-item__image\" data-thumbnail=\"https:\/\/www.eteach-thueringen.de\/wp-content\/uploads\/2026\/03\/IMG_5778-225x300.jpeg\" data-width=\"225\" data-height=\"300\" aria-label=\"\" role=\"img\" ><\/div>\n\t\t\t\t\t\t\t\t\t\t\t<div class=\"elementor-gallery-item__overlay\"><\/div>\n\t\t\t\t\t\t\t\t\t\t\t\t\t\t<\/a>\n\t\t\t\t\t\t\t<a class=\"e-gallery-item elementor-gallery-item elementor-animated-content\" href=\"https:\/\/www.eteach-thueringen.de\/wp-content\/uploads\/2026\/03\/NZ6_6754.png\" data-elementor-open-lightbox=\"yes\" data-elementor-lightbox-slideshow=\"051e9c5\" data-elementor-lightbox-title=\"Gru\u00dfworte von Christian Tischner, ,Th\u00fcringer Minister f\u00fcr Bildung, Wissenschaft und Kultur\" data-e-action-hash=\"#elementor-action%3Aaction%3Dlightbox%26settings%3DeyJpZCI6MTczMTYsInVybCI6Imh0dHBzOlwvXC93d3cuZXRlYWNoLXRodWVyaW5nZW4uZGVcL3dwLWNvbnRlbnRcL3VwbG9hZHNcLzIwMjZcLzAzXC9OWjZfNjc1NC5wbmciLCJzbGlkZXNob3ciOiIwNTFlOWM1In0%3D\">\n\t\t\t\t\t<div class=\"e-gallery-image elementor-gallery-item__image\" data-thumbnail=\"https:\/\/www.eteach-thueringen.de\/wp-content\/uploads\/2026\/03\/NZ6_6754-300x200.png\" data-width=\"300\" data-height=\"200\" aria-label=\"\" role=\"img\" ><\/div>\n\t\t\t\t\t\t\t\t\t\t\t<div class=\"elementor-gallery-item__overlay\"><\/div>\n\t\t\t\t\t\t\t\t\t\t\t\t\t\t<\/a>\n\t\t\t\t\t\t\t<a class=\"e-gallery-item elementor-gallery-item elementor-animated-content\" href=\"https:\/\/www.eteach-thueringen.de\/wp-content\/uploads\/2026\/03\/IMG_5783.jpeg\" data-elementor-open-lightbox=\"yes\" data-elementor-lightbox-slideshow=\"051e9c5\" data-elementor-lightbox-title=\"Best Practice von Maik Poser, Leiter der Regelschule \u201eHans Settegast\u201c in Bad K\u00f6stritz\" data-e-action-hash=\"#elementor-action%3Aaction%3Dlightbox%26settings%3DeyJpZCI6MTcyNDgsInVybCI6Imh0dHBzOlwvXC93d3cuZXRlYWNoLXRodWVyaW5nZW4uZGVcL3dwLWNvbnRlbnRcL3VwbG9hZHNcLzIwMjZcLzAzXC9JTUdfNTc4My5qcGVnIiwic2xpZGVzaG93IjoiMDUxZTljNSJ9\">\n\t\t\t\t\t<div class=\"e-gallery-image elementor-gallery-item__image\" data-thumbnail=\"https:\/\/www.eteach-thueringen.de\/wp-content\/uploads\/2026\/03\/IMG_5783-225x300.jpeg\" data-width=\"225\" data-height=\"300\" aria-label=\"\" role=\"img\" ><\/div>\n\t\t\t\t\t\t\t\t\t\t\t<div class=\"elementor-gallery-item__overlay\"><\/div>\n\t\t\t\t\t\t\t\t\t\t\t\t\t\t<\/a>\n\t\t\t\t\t\t\t<a class=\"e-gallery-item elementor-gallery-item elementor-animated-content\" href=\"https:\/\/www.eteach-thueringen.de\/wp-content\/uploads\/2026\/03\/NZ6_6757.png\" data-elementor-open-lightbox=\"yes\" data-elementor-lightbox-slideshow=\"051e9c5\" data-elementor-lightbox-title=\"Blick durch das Publikum\" data-e-action-hash=\"#elementor-action%3Aaction%3Dlightbox%26settings%3DeyJpZCI6MTcyNTMsInVybCI6Imh0dHBzOlwvXC93d3cuZXRlYWNoLXRodWVyaW5nZW4uZGVcL3dwLWNvbnRlbnRcL3VwbG9hZHNcLzIwMjZcLzAzXC9OWjZfNjc1Ny5wbmciLCJzbGlkZXNob3ciOiIwNTFlOWM1In0%3D\">\n\t\t\t\t\t<div class=\"e-gallery-image elementor-gallery-item__image\" data-thumbnail=\"https:\/\/www.eteach-thueringen.de\/wp-content\/uploads\/2026\/03\/NZ6_6757-300x200.png\" data-width=\"300\" data-height=\"200\" aria-label=\"\" role=\"img\" ><\/div>\n\t\t\t\t\t\t\t\t\t\t\t<div class=\"elementor-gallery-item__overlay\"><\/div>\n\t\t\t\t\t\t\t\t\t\t\t\t\t\t<\/a>\n\t\t\t\t\t\t\t<a class=\"e-gallery-item elementor-gallery-item elementor-animated-content\" href=\"https:\/\/www.eteach-thueringen.de\/wp-content\/uploads\/2026\/03\/IMG_5811.jpeg\" data-elementor-open-lightbox=\"yes\" data-elementor-lightbox-slideshow=\"051e9c5\" data-elementor-lightbox-title=\"spielerische Medienbildung von der Digitalmacherei\" data-e-action-hash=\"#elementor-action%3Aaction%3Dlightbox%26settings%3DeyJpZCI6MTcyNDUsInVybCI6Imh0dHBzOlwvXC93d3cuZXRlYWNoLXRodWVyaW5nZW4uZGVcL3dwLWNvbnRlbnRcL3VwbG9hZHNcLzIwMjZcLzAzXC9JTUdfNTgxMS5qcGVnIiwic2xpZGVzaG93IjoiMDUxZTljNSJ9\">\n\t\t\t\t\t<div class=\"e-gallery-image elementor-gallery-item__image\" data-thumbnail=\"https:\/\/www.eteach-thueringen.de\/wp-content\/uploads\/2026\/03\/IMG_5811-225x300.jpeg\" data-width=\"225\" data-height=\"300\" aria-label=\"\" role=\"img\" ><\/div>\n\t\t\t\t\t\t\t\t\t\t\t<div class=\"elementor-gallery-item__overlay\"><\/div>\n\t\t\t\t\t\t\t\t\t\t\t\t\t\t<\/a>\n\t\t\t\t\t\t\t<a class=\"e-gallery-item elementor-gallery-item elementor-animated-content\" href=\"https:\/\/www.eteach-thueringen.de\/wp-content\/uploads\/2026\/03\/IMG_5821.jpeg\" data-elementor-open-lightbox=\"yes\" data-elementor-lightbox-slideshow=\"051e9c5\" data-elementor-lightbox-title=\"Vorstellung der Schulcloud\" data-e-action-hash=\"#elementor-action%3Aaction%3Dlightbox%26settings%3DeyJpZCI6MTcyNDYsInVybCI6Imh0dHBzOlwvXC93d3cuZXRlYWNoLXRodWVyaW5nZW4uZGVcL3dwLWNvbnRlbnRcL3VwbG9hZHNcLzIwMjZcLzAzXC9JTUdfNTgyMS5qcGVnIiwic2xpZGVzaG93IjoiMDUxZTljNSJ9\">\n\t\t\t\t\t<div class=\"e-gallery-image elementor-gallery-item__image\" data-thumbnail=\"https:\/\/www.eteach-thueringen.de\/wp-content\/uploads\/2026\/03\/IMG_5821-225x300.jpeg\" data-width=\"225\" data-height=\"300\" aria-label=\"\" role=\"img\" ><\/div>\n\t\t\t\t\t\t\t\t\t\t\t<div class=\"elementor-gallery-item__overlay\"><\/div>\n\t\t\t\t\t\t\t\t\t\t\t\t\t\t<\/a>\n\t\t\t\t\t\t\t<a class=\"e-gallery-item elementor-gallery-item elementor-animated-content\" href=\"https:\/\/www.eteach-thueringen.de\/wp-content\/uploads\/2026\/03\/NZ6_6736.png\" data-elementor-open-lightbox=\"yes\" data-elementor-lightbox-slideshow=\"051e9c5\" data-elementor-lightbox-title=\"Minibots programmieren lernen\" data-e-action-hash=\"#elementor-action%3Aaction%3Dlightbox%26settings%3DeyJpZCI6MTcyNTEsInVybCI6Imh0dHBzOlwvXC93d3cuZXRlYWNoLXRodWVyaW5nZW4uZGVcL3dwLWNvbnRlbnRcL3VwbG9hZHNcLzIwMjZcLzAzXC9OWjZfNjczNi5wbmciLCJzbGlkZXNob3ciOiIwNTFlOWM1In0%3D\">\n\t\t\t\t\t<div class=\"e-gallery-image elementor-gallery-item__image\" data-thumbnail=\"https:\/\/www.eteach-thueringen.de\/wp-content\/uploads\/2026\/03\/NZ6_6736-300x200.png\" data-width=\"300\" data-height=\"200\" aria-label=\"\" role=\"img\" ><\/div>\n\t\t\t\t\t\t\t\t\t\t\t<div class=\"elementor-gallery-item__overlay\"><\/div>\n\t\t\t\t\t\t\t\t\t\t\t\t\t\t<\/a>\n\t\t\t\t\t\t\t<a class=\"e-gallery-item elementor-gallery-item elementor-animated-content\" href=\"https:\/\/www.eteach-thueringen.de\/wp-content\/uploads\/2026\/03\/IMG_5768.jpeg\" data-elementor-open-lightbox=\"yes\" data-elementor-lightbox-slideshow=\"051e9c5\" data-elementor-lightbox-title=\"eTeach-Netzwerk vor Ort\" data-e-action-hash=\"#elementor-action%3Aaction%3Dlightbox%26settings%3DeyJpZCI6MTcyNDksInVybCI6Imh0dHBzOlwvXC93d3cuZXRlYWNoLXRodWVyaW5nZW4uZGVcL3dwLWNvbnRlbnRcL3VwbG9hZHNcLzIwMjZcLzAzXC9JTUdfNTc2OC5qcGVnIiwic2xpZGVzaG93IjoiMDUxZTljNSJ9\">\n\t\t\t\t\t<div class=\"e-gallery-image elementor-gallery-item__image\" data-thumbnail=\"https:\/\/www.eteach-thueringen.de\/wp-content\/uploads\/2026\/03\/IMG_5768-225x300.jpeg\" data-width=\"225\" data-height=\"300\" aria-label=\"\" role=\"img\" ><\/div>\n\t\t\t\t\t\t\t\t\t\t\t<div class=\"elementor-gallery-item__overlay\"><\/div>\n\t\t\t\t\t\t\t\t\t\t\t\t\t\t<\/a>\n\t\t\t\t\t\t\t<a class=\"e-gallery-item elementor-gallery-item elementor-animated-content\" href=\"https:\/\/www.eteach-thueringen.de\/wp-content\/uploads\/2026\/03\/NZ6_6767.png\" data-elementor-open-lightbox=\"yes\" data-elementor-lightbox-slideshow=\"051e9c5\" data-elementor-lightbox-title=\"Werkstatt f\u00fcr Medienbildung der Universit\u00e4t Erfurt\" data-e-action-hash=\"#elementor-action%3Aaction%3Dlightbox%26settings%3DeyJpZCI6MTcyNTAsInVybCI6Imh0dHBzOlwvXC93d3cuZXRlYWNoLXRodWVyaW5nZW4uZGVcL3dwLWNvbnRlbnRcL3VwbG9hZHNcLzIwMjZcLzAzXC9OWjZfNjc2Ny5wbmciLCJzbGlkZXNob3ciOiIwNTFlOWM1In0%3D\">\n\t\t\t\t\t<div class=\"e-gallery-image elementor-gallery-item__image\" data-thumbnail=\"https:\/\/www.eteach-thueringen.de\/wp-content\/uploads\/2026\/03\/NZ6_6767-300x200.png\" data-width=\"300\" data-height=\"200\" aria-label=\"\" role=\"img\" ><\/div>\n\t\t\t\t\t\t\t\t\t\t\t<div class=\"elementor-gallery-item__overlay\"><\/div>\n\t\t\t\t\t\t\t\t\t\t\t\t\t\t<\/a>\n\t\t\t\t\t\t\t<a class=\"e-gallery-item elementor-gallery-item elementor-animated-content\" href=\"https:\/\/www.eteach-thueringen.de\/wp-content\/uploads\/2026\/03\/IMG_5799-1.jpeg\" data-elementor-open-lightbox=\"yes\" data-elementor-lightbox-slideshow=\"051e9c5\" data-elementor-lightbox-title=\"Maren W\u00fcrfel und Thomas Ziegler von der Werkstatt Medienbildung der Universit\u00e4t Erfurt\" data-e-action-hash=\"#elementor-action%3Aaction%3Dlightbox%26settings%3DeyJpZCI6MTczMTIsInVybCI6Imh0dHBzOlwvXC93d3cuZXRlYWNoLXRodWVyaW5nZW4uZGVcL3dwLWNvbnRlbnRcL3VwbG9hZHNcLzIwMjZcLzAzXC9JTUdfNTc5OS0xLmpwZWciLCJzbGlkZXNob3ciOiIwNTFlOWM1In0%3D\">\n\t\t\t\t\t<div class=\"e-gallery-image elementor-gallery-item__image\" data-thumbnail=\"https:\/\/www.eteach-thueringen.de\/wp-content\/uploads\/2026\/03\/IMG_5799-1-225x300.jpeg\" data-width=\"225\" data-height=\"300\" aria-label=\"\" role=\"img\" ><\/div>\n\t\t\t\t\t\t\t\t\t\t\t<div class=\"elementor-gallery-item__overlay\"><\/div>\n\t\t\t\t\t\t\t\t\t\t\t\t\t\t<\/a>\n\t\t\t\t\t\t\t<a class=\"e-gallery-item elementor-gallery-item elementor-animated-content\" href=\"https:\/\/www.eteach-thueringen.de\/wp-content\/uploads\/2026\/03\/IMG_5815-1.jpeg\" data-elementor-open-lightbox=\"yes\" data-elementor-lightbox-slideshow=\"051e9c5\" data-elementor-lightbox-title=\"im regen Austausch mit den Akteur*innen\" data-e-action-hash=\"#elementor-action%3Aaction%3Dlightbox%26settings%3DeyJpZCI6MTczMTEsInVybCI6Imh0dHBzOlwvXC93d3cuZXRlYWNoLXRodWVyaW5nZW4uZGVcL3dwLWNvbnRlbnRcL3VwbG9hZHNcLzIwMjZcLzAzXC9JTUdfNTgxNS0xLmpwZWciLCJzbGlkZXNob3ciOiIwNTFlOWM1In0%3D\">\n\t\t\t\t\t<div class=\"e-gallery-image elementor-gallery-item__image\" data-thumbnail=\"https:\/\/www.eteach-thueringen.de\/wp-content\/uploads\/2026\/03\/IMG_5815-1-225x300.jpeg\" data-width=\"225\" data-height=\"300\" aria-label=\"\" role=\"img\" ><\/div>\n\t\t\t\t\t\t\t\t\t\t\t<div class=\"elementor-gallery-item__overlay\"><\/div>\n\t\t\t\t\t\t\t\t\t\t\t\t\t\t<\/a>\n\t\t\t\t\t\t\t<a class=\"e-gallery-item elementor-gallery-item elementor-animated-content\" href=\"https:\/\/www.eteach-thueringen.de\/wp-content\/uploads\/2026\/03\/IMG_5818-1.jpeg\" data-elementor-open-lightbox=\"yes\" data-elementor-lightbox-slideshow=\"051e9c5\" data-elementor-lightbox-title=\"Vorf\u00fchrung des Chatbots &quot;telli&quot;\" data-e-action-hash=\"#elementor-action%3Aaction%3Dlightbox%26settings%3DeyJpZCI6MTczMTAsInVybCI6Imh0dHBzOlwvXC93d3cuZXRlYWNoLXRodWVyaW5nZW4uZGVcL3dwLWNvbnRlbnRcL3VwbG9hZHNcLzIwMjZcLzAzXC9JTUdfNTgxOC0xLmpwZWciLCJzbGlkZXNob3ciOiIwNTFlOWM1In0%3D\">\n\t\t\t\t\t<div class=\"e-gallery-image elementor-gallery-item__image\" data-thumbnail=\"https:\/\/www.eteach-thueringen.de\/wp-content\/uploads\/2026\/03\/IMG_5818-1-225x300.jpeg\" data-width=\"225\" data-height=\"300\" aria-label=\"\" role=\"img\" ><\/div>\n\t\t\t\t\t\t\t\t\t\t\t<div class=\"elementor-gallery-item__overlay\"><\/div>\n\t\t\t\t\t\t\t\t\t\t\t\t\t\t<\/a>\n\t\t\t\t\t<\/div>\n\t\t\t\t\t<\/div>\n\t\t\t\t<\/div>\n\t\t\t\t\t<\/div>\n\t\t\t\t<\/div>\n\t\t<div class=\"elementor-element elementor-element-01de3f3 e-flex e-con-boxed e-con e-parent\" data-id=\"01de3f3\" data-element_type=\"container\" data-e-type=\"container\">\n\t\t\t\t\t<div class=\"e-con-inner\">\n\t\t\t\t<div class=\"elementor-element elementor-element-23a5f9f elementor-widget elementor-widget-text-editor\" data-id=\"23a5f9f\" data-element_type=\"widget\" data-e-type=\"widget\" data-widget_type=\"text-editor.default\">\n\t\t\t\t<div class=\"elementor-widget-container\">\n\t\t\t\t\t\t\t\t\t<p><em>Photos: Uwe C\u00e4mmerer-Seibel and Elisa Kirbst<\/em><\/p>\t\t\t\t\t\t\t\t<\/div>\n\t\t\t\t<\/div>\n\t\t\t\t\t<\/div>\n\t\t\t\t<\/div>\n\t\t\t\t<\/div>","protected":false},"excerpt":{"rendered":"<p>The kick-off event for the Thuringian Schools 2024+ digital strategy at the University of Erfurt brought together numerous stakeholders from schools, science, administration and education projects to jointly develop perspectives for digital education in Thuringia.<\/p>","protected":false},"author":15,"featured_media":17316,"comment_status":"open","ping_status":"open","sticky":false,"template":"","format":"standard","meta":{"footnotes":""},"categories":[8],"tags":[],"class_list":["post-17263","post","type-post","status-publish","format-standard","has-post-thumbnail","hentry","category-netzwerk"],"yoast_head":"<!-- This site is optimized with the Yoast SEO plugin v27.4 - https:\/\/yoast.com\/product\/yoast-seo-wordpress\/ -->\n<title>Zwischen Schule und Hochschule: eTeach beim Kickoff der Digitalstrategie Th\u00fcringer Schulen - eTeach-Netzwerk Th\u00fcringen<\/title>\n<meta name=\"robots\" content=\"index, follow, max-snippet:-1, max-image-preview:large, max-video-preview:-1\" \/>\n<link rel=\"canonical\" href=\"https:\/\/www.eteach-thueringen.de\/en\/between-school-and-university-eteach-at-the-kickoff-of-the-thuringian-schools-digital-strategy\/\" \/>\n<meta property=\"og:locale\" content=\"en_US\" \/>\n<meta property=\"og:type\" content=\"article\" \/>\n<meta property=\"og:title\" content=\"Zwischen Schule und Hochschule: eTeach beim Kickoff der Digitalstrategie Th\u00fcringer Schulen - eTeach-Netzwerk Th\u00fcringen\" \/>\n<meta property=\"og:description\" content=\"Beim Kickoff zur Digitalstrategie Th\u00fcringer Schulen 2024+ an der Universit\u00e4t Erfurt kamen zahlreiche Akteur*innen aus Schule, Wissenschaft, Verwaltung und Bildungsprojekten zusammen, um gemeinsam Perspektiven f\u00fcr die digitale Bildung in Th\u00fcringen zu entwickeln.\" \/>\n<meta property=\"og:url\" content=\"https:\/\/www.eteach-thueringen.de\/en\/between-school-and-university-eteach-at-the-kickoff-of-the-thuringian-schools-digital-strategy\/\" \/>\n<meta property=\"og:site_name\" content=\"eTeach-Netzwerk Th\u00fcringen\" \/>\n<meta property=\"article:published_time\" content=\"2026-03-13T13:54:22+00:00\" \/>\n<meta property=\"article:modified_time\" content=\"2026-03-16T15:13:50+00:00\" \/>\n<meta property=\"og:image\" content=\"https:\/\/www.eteach-thueringen.de\/wp-content\/uploads\/2026\/03\/NZ6_6754.png\" \/>\n\t<meta property=\"og:image:width\" content=\"1500\" \/>\n\t<meta property=\"og:image:height\" content=\"998\" \/>\n\t<meta property=\"og:image:type\" content=\"image\/png\" \/>\n<meta name=\"author\" content=\"Elisa Kirbst\" \/>\n<meta name=\"twitter:card\" content=\"summary_large_image\" \/>\n<meta name=\"twitter:label1\" content=\"Written by\" \/>\n\t<meta name=\"twitter:data1\" content=\"Elisa Kirbst\" \/>\n\t<meta name=\"twitter:label2\" content=\"Est. reading time\" \/>\n\t<meta name=\"twitter:data2\" content=\"5 minutes\" \/>\n<script type=\"application\/ld+json\" class=\"yoast-schema-graph\">{\"@context\":\"https:\\\/\\\/schema.org\",\"@graph\":[{\"@type\":\"Article\",\"@id\":\"https:\\\/\\\/www.eteach-thueringen.de\\\/zwischen-schule-und-hochschule-eteach-beim-kickoff-der-digitalstrategie-thueringer-schulen\\\/#article\",\"isPartOf\":{\"@id\":\"https:\\\/\\\/www.eteach-thueringen.de\\\/zwischen-schule-und-hochschule-eteach-beim-kickoff-der-digitalstrategie-thueringer-schulen\\\/\"},\"author\":{\"name\":\"Elisa Kirbst\",\"@id\":\"https:\\\/\\\/www.eteach-thueringen.de\\\/#\\\/schema\\\/person\\\/3efbb4bcd57c9bc721f472d9245bb00b\"},\"headline\":\"Zwischen Schule und Hochschule: eTeach beim Kickoff der Digitalstrategie Th\u00fcringer Schulen\",\"datePublished\":\"2026-03-13T13:54:22+00:00\",\"dateModified\":\"2026-03-16T15:13:50+00:00\",\"mainEntityOfPage\":{\"@id\":\"https:\\\/\\\/www.eteach-thueringen.de\\\/zwischen-schule-und-hochschule-eteach-beim-kickoff-der-digitalstrategie-thueringer-schulen\\\/\"},\"wordCount\":991,\"commentCount\":0,\"publisher\":{\"@id\":\"https:\\\/\\\/www.eteach-thueringen.de\\\/#organization\"},\"image\":{\"@id\":\"https:\\\/\\\/www.eteach-thueringen.de\\\/zwischen-schule-und-hochschule-eteach-beim-kickoff-der-digitalstrategie-thueringer-schulen\\\/#primaryimage\"},\"thumbnailUrl\":\"https:\\\/\\\/www.eteach-thueringen.de\\\/wp-content\\\/uploads\\\/2026\\\/03\\\/NZ6_6754.png\",\"articleSection\":[\"Netzwerk\"],\"inLanguage\":\"en-US\",\"potentialAction\":[{\"@type\":\"CommentAction\",\"name\":\"Comment\",\"target\":[\"https:\\\/\\\/www.eteach-thueringen.de\\\/zwischen-schule-und-hochschule-eteach-beim-kickoff-der-digitalstrategie-thueringer-schulen\\\/#respond\"]}]},{\"@type\":\"WebPage\",\"@id\":\"https:\\\/\\\/www.eteach-thueringen.de\\\/zwischen-schule-und-hochschule-eteach-beim-kickoff-der-digitalstrategie-thueringer-schulen\\\/\",\"url\":\"https:\\\/\\\/www.eteach-thueringen.de\\\/zwischen-schule-und-hochschule-eteach-beim-kickoff-der-digitalstrategie-thueringer-schulen\\\/\",\"name\":\"Zwischen Schule und Hochschule: eTeach beim Kickoff der Digitalstrategie Th\u00fcringer Schulen - eTeach-Netzwerk Th\u00fcringen\",\"isPartOf\":{\"@id\":\"https:\\\/\\\/www.eteach-thueringen.de\\\/#website\"},\"primaryImageOfPage\":{\"@id\":\"https:\\\/\\\/www.eteach-thueringen.de\\\/zwischen-schule-und-hochschule-eteach-beim-kickoff-der-digitalstrategie-thueringer-schulen\\\/#primaryimage\"},\"image\":{\"@id\":\"https:\\\/\\\/www.eteach-thueringen.de\\\/zwischen-schule-und-hochschule-eteach-beim-kickoff-der-digitalstrategie-thueringer-schulen\\\/#primaryimage\"},\"thumbnailUrl\":\"https:\\\/\\\/www.eteach-thueringen.de\\\/wp-content\\\/uploads\\\/2026\\\/03\\\/NZ6_6754.png\",\"datePublished\":\"2026-03-13T13:54:22+00:00\",\"dateModified\":\"2026-03-16T15:13:50+00:00\",\"breadcrumb\":{\"@id\":\"https:\\\/\\\/www.eteach-thueringen.de\\\/zwischen-schule-und-hochschule-eteach-beim-kickoff-der-digitalstrategie-thueringer-schulen\\\/#breadcrumb\"},\"inLanguage\":\"en-US\",\"potentialAction\":[{\"@type\":\"ReadAction\",\"target\":[\"https:\\\/\\\/www.eteach-thueringen.de\\\/zwischen-schule-und-hochschule-eteach-beim-kickoff-der-digitalstrategie-thueringer-schulen\\\/\"]}]},{\"@type\":\"ImageObject\",\"inLanguage\":\"en-US\",\"@id\":\"https:\\\/\\\/www.eteach-thueringen.de\\\/zwischen-schule-und-hochschule-eteach-beim-kickoff-der-digitalstrategie-thueringer-schulen\\\/#primaryimage\",\"url\":\"https:\\\/\\\/www.eteach-thueringen.de\\\/wp-content\\\/uploads\\\/2026\\\/03\\\/NZ6_6754.png\",\"contentUrl\":\"https:\\\/\\\/www.eteach-thueringen.de\\\/wp-content\\\/uploads\\\/2026\\\/03\\\/NZ6_6754.png\",\"width\":1500,\"height\":998},{\"@type\":\"BreadcrumbList\",\"@id\":\"https:\\\/\\\/www.eteach-thueringen.de\\\/zwischen-schule-und-hochschule-eteach-beim-kickoff-der-digitalstrategie-thueringer-schulen\\\/#breadcrumb\",\"itemListElement\":[{\"@type\":\"ListItem\",\"position\":1,\"name\":\"Startseite\",\"item\":\"https:\\\/\\\/www.eteach-thueringen.de\\\/\"},{\"@type\":\"ListItem\",\"position\":2,\"name\":\"Zwischen Schule und Hochschule: eTeach beim Kickoff der Digitalstrategie Th\u00fcringer Schulen\"}]},{\"@type\":\"WebSite\",\"@id\":\"https:\\\/\\\/www.eteach-thueringen.de\\\/#website\",\"url\":\"https:\\\/\\\/www.eteach-thueringen.de\\\/\",\"name\":\"eTeach-Netzwerk Th\u00fcringen\",\"description\":\"\",\"publisher\":{\"@id\":\"https:\\\/\\\/www.eteach-thueringen.de\\\/#organization\"},\"potentialAction\":[{\"@type\":\"SearchAction\",\"target\":{\"@type\":\"EntryPoint\",\"urlTemplate\":\"https:\\\/\\\/www.eteach-thueringen.de\\\/?s={search_term_string}\"},\"query-input\":{\"@type\":\"PropertyValueSpecification\",\"valueRequired\":true,\"valueName\":\"search_term_string\"}}],\"inLanguage\":\"en-US\"},{\"@type\":\"Organization\",\"@id\":\"https:\\\/\\\/www.eteach-thueringen.de\\\/#organization\",\"name\":\"eTeach-Netzwerk Th\u00fcringen\",\"url\":\"https:\\\/\\\/www.eteach-thueringen.de\\\/\",\"logo\":{\"@type\":\"ImageObject\",\"inLanguage\":\"en-US\",\"@id\":\"https:\\\/\\\/www.eteach-thueringen.de\\\/#\\\/schema\\\/logo\\\/image\\\/\",\"url\":\"https:\\\/\\\/www.eteach-thueringen.de\\\/wp-content\\\/uploads\\\/2023\\\/01\\\/eTeach_Logo_offblack_offwhite_rund.png\",\"contentUrl\":\"https:\\\/\\\/www.eteach-thueringen.de\\\/wp-content\\\/uploads\\\/2023\\\/01\\\/eTeach_Logo_offblack_offwhite_rund.png\",\"width\":1151,\"height\":1152,\"caption\":\"eTeach-Netzwerk Th\u00fcringen\"},\"image\":{\"@id\":\"https:\\\/\\\/www.eteach-thueringen.de\\\/#\\\/schema\\\/logo\\\/image\\\/\"},\"sameAs\":[\"https:\\\/\\\/www.instagram.com\\\/eteachnetzwerk.thueringen\\\/\",\"https:\\\/\\\/www.linkedin.com\\\/company\\\/eteach-netzwerk-thringen\\\/\"]},{\"@type\":\"Person\",\"@id\":\"https:\\\/\\\/www.eteach-thueringen.de\\\/#\\\/schema\\\/person\\\/3efbb4bcd57c9bc721f472d9245bb00b\",\"name\":\"Elisa Kirbst\",\"image\":{\"@type\":\"ImageObject\",\"inLanguage\":\"en-US\",\"@id\":\"https:\\\/\\\/secure.gravatar.com\\\/avatar\\\/33d44d4ed95a2cbe060bbf3aad093fdda5b04e10cff9c755df5e064547215255?s=96&d=mm&r=g\",\"url\":\"https:\\\/\\\/secure.gravatar.com\\\/avatar\\\/33d44d4ed95a2cbe060bbf3aad093fdda5b04e10cff9c755df5e064547215255?s=96&d=mm&r=g\",\"contentUrl\":\"https:\\\/\\\/secure.gravatar.com\\\/avatar\\\/33d44d4ed95a2cbe060bbf3aad093fdda5b04e10cff9c755df5e064547215255?s=96&d=mm&r=g\",\"caption\":\"Elisa Kirbst\"},\"url\":\"https:\\\/\\\/www.eteach-thueringen.de\\\/en\\\/author\\\/roqe3217\\\/\"}]}<\/script>\n<!-- \/ Yoast SEO plugin. -->","yoast_head_json":{"title":"Between school and university: eTeach at the kick-off of the digital strategy for Thuringian schools - eTeach-Netzwerk Th\u00fcringen","robots":{"index":"index","follow":"follow","max-snippet":"max-snippet:-1","max-image-preview":"max-image-preview:large","max-video-preview":"max-video-preview:-1"},"canonical":"https:\/\/www.eteach-thueringen.de\/en\/between-school-and-university-eteach-at-the-kickoff-of-the-thuringian-schools-digital-strategy\/","og_locale":"en_US","og_type":"article","og_title":"Zwischen Schule und Hochschule: eTeach beim Kickoff der Digitalstrategie Th\u00fcringer Schulen - eTeach-Netzwerk Th\u00fcringen","og_description":"Beim Kickoff zur Digitalstrategie Th\u00fcringer Schulen 2024+ an der Universit\u00e4t Erfurt kamen zahlreiche Akteur*innen aus Schule, Wissenschaft, Verwaltung und Bildungsprojekten zusammen, um gemeinsam Perspektiven f\u00fcr die digitale Bildung in Th\u00fcringen zu entwickeln.","og_url":"https:\/\/www.eteach-thueringen.de\/en\/between-school-and-university-eteach-at-the-kickoff-of-the-thuringian-schools-digital-strategy\/","og_site_name":"eTeach-Netzwerk Th\u00fcringen","article_published_time":"2026-03-13T13:54:22+00:00","article_modified_time":"2026-03-16T15:13:50+00:00","og_image":[{"width":1500,"height":998,"url":"https:\/\/www.eteach-thueringen.de\/wp-content\/uploads\/2026\/03\/NZ6_6754.png","type":"image\/png"}],"author":"Elisa Kirbst","twitter_card":"summary_large_image","twitter_misc":{"Written by":"Elisa Kirbst","Est. reading time":"5 minutes"},"schema":{"@context":"https:\/\/schema.org","@graph":[{"@type":"Article","@id":"https:\/\/www.eteach-thueringen.de\/zwischen-schule-und-hochschule-eteach-beim-kickoff-der-digitalstrategie-thueringer-schulen\/#article","isPartOf":{"@id":"https:\/\/www.eteach-thueringen.de\/zwischen-schule-und-hochschule-eteach-beim-kickoff-der-digitalstrategie-thueringer-schulen\/"},"author":{"name":"Elisa Kirbst","@id":"https:\/\/www.eteach-thueringen.de\/#\/schema\/person\/3efbb4bcd57c9bc721f472d9245bb00b"},"headline":"Zwischen Schule und Hochschule: eTeach beim Kickoff der Digitalstrategie Th\u00fcringer Schulen","datePublished":"2026-03-13T13:54:22+00:00","dateModified":"2026-03-16T15:13:50+00:00","mainEntityOfPage":{"@id":"https:\/\/www.eteach-thueringen.de\/zwischen-schule-und-hochschule-eteach-beim-kickoff-der-digitalstrategie-thueringer-schulen\/"},"wordCount":991,"commentCount":0,"publisher":{"@id":"https:\/\/www.eteach-thueringen.de\/#organization"},"image":{"@id":"https:\/\/www.eteach-thueringen.de\/zwischen-schule-und-hochschule-eteach-beim-kickoff-der-digitalstrategie-thueringer-schulen\/#primaryimage"},"thumbnailUrl":"https:\/\/www.eteach-thueringen.de\/wp-content\/uploads\/2026\/03\/NZ6_6754.png","articleSection":["Netzwerk"],"inLanguage":"en-US","potentialAction":[{"@type":"CommentAction","name":"Comment","target":["https:\/\/www.eteach-thueringen.de\/zwischen-schule-und-hochschule-eteach-beim-kickoff-der-digitalstrategie-thueringer-schulen\/#respond"]}]},{"@type":"WebPage","@id":"https:\/\/www.eteach-thueringen.de\/zwischen-schule-und-hochschule-eteach-beim-kickoff-der-digitalstrategie-thueringer-schulen\/","url":"https:\/\/www.eteach-thueringen.de\/zwischen-schule-und-hochschule-eteach-beim-kickoff-der-digitalstrategie-thueringer-schulen\/","name":"Between school and university: eTeach at the kick-off of the digital strategy for Thuringian schools - eTeach-Netzwerk Th\u00fcringen","isPartOf":{"@id":"https:\/\/www.eteach-thueringen.de\/#website"},"primaryImageOfPage":{"@id":"https:\/\/www.eteach-thueringen.de\/zwischen-schule-und-hochschule-eteach-beim-kickoff-der-digitalstrategie-thueringer-schulen\/#primaryimage"},"image":{"@id":"https:\/\/www.eteach-thueringen.de\/zwischen-schule-und-hochschule-eteach-beim-kickoff-der-digitalstrategie-thueringer-schulen\/#primaryimage"},"thumbnailUrl":"https:\/\/www.eteach-thueringen.de\/wp-content\/uploads\/2026\/03\/NZ6_6754.png","datePublished":"2026-03-13T13:54:22+00:00","dateModified":"2026-03-16T15:13:50+00:00","breadcrumb":{"@id":"https:\/\/www.eteach-thueringen.de\/zwischen-schule-und-hochschule-eteach-beim-kickoff-der-digitalstrategie-thueringer-schulen\/#breadcrumb"},"inLanguage":"en-US","potentialAction":[{"@type":"ReadAction","target":["https:\/\/www.eteach-thueringen.de\/zwischen-schule-und-hochschule-eteach-beim-kickoff-der-digitalstrategie-thueringer-schulen\/"]}]},{"@type":"ImageObject","inLanguage":"en-US","@id":"https:\/\/www.eteach-thueringen.de\/zwischen-schule-und-hochschule-eteach-beim-kickoff-der-digitalstrategie-thueringer-schulen\/#primaryimage","url":"https:\/\/www.eteach-thueringen.de\/wp-content\/uploads\/2026\/03\/NZ6_6754.png","contentUrl":"https:\/\/www.eteach-thueringen.de\/wp-content\/uploads\/2026\/03\/NZ6_6754.png","width":1500,"height":998},{"@type":"BreadcrumbList","@id":"https:\/\/www.eteach-thueringen.de\/zwischen-schule-und-hochschule-eteach-beim-kickoff-der-digitalstrategie-thueringer-schulen\/#breadcrumb","itemListElement":[{"@type":"ListItem","position":1,"name":"Startseite","item":"https:\/\/www.eteach-thueringen.de\/"},{"@type":"ListItem","position":2,"name":"Zwischen Schule und Hochschule: eTeach beim Kickoff der Digitalstrategie Th\u00fcringer Schulen"}]},{"@type":"WebSite","@id":"https:\/\/www.eteach-thueringen.de\/#website","url":"https:\/\/www.eteach-thueringen.de\/","name":"eTeach Network Thuringia","description":"","publisher":{"@id":"https:\/\/www.eteach-thueringen.de\/#organization"},"potentialAction":[{"@type":"SearchAction","target":{"@type":"EntryPoint","urlTemplate":"https:\/\/www.eteach-thueringen.de\/?s={search_term_string}"},"query-input":{"@type":"PropertyValueSpecification","valueRequired":true,"valueName":"search_term_string"}}],"inLanguage":"en-US"},{"@type":"Organization","@id":"https:\/\/www.eteach-thueringen.de\/#organization","name":"eTeach Network Thuringia","url":"https:\/\/www.eteach-thueringen.de\/","logo":{"@type":"ImageObject","inLanguage":"en-US","@id":"https:\/\/www.eteach-thueringen.de\/#\/schema\/logo\/image\/","url":"https:\/\/www.eteach-thueringen.de\/wp-content\/uploads\/2023\/01\/eTeach_Logo_offblack_offwhite_rund.png","contentUrl":"https:\/\/www.eteach-thueringen.de\/wp-content\/uploads\/2023\/01\/eTeach_Logo_offblack_offwhite_rund.png","width":1151,"height":1152,"caption":"eTeach-Netzwerk Th\u00fcringen"},"image":{"@id":"https:\/\/www.eteach-thueringen.de\/#\/schema\/logo\/image\/"},"sameAs":["https:\/\/www.instagram.com\/eteachnetzwerk.thueringen\/","https:\/\/www.linkedin.com\/company\/eteach-netzwerk-thringen\/"]},{"@type":"Person","@id":"https:\/\/www.eteach-thueringen.de\/#\/schema\/person\/3efbb4bcd57c9bc721f472d9245bb00b","name":"Elisa Kirbst","image":{"@type":"ImageObject","inLanguage":"en-US","@id":"https:\/\/secure.gravatar.com\/avatar\/33d44d4ed95a2cbe060bbf3aad093fdda5b04e10cff9c755df5e064547215255?s=96&d=mm&r=g","url":"https:\/\/secure.gravatar.com\/avatar\/33d44d4ed95a2cbe060bbf3aad093fdda5b04e10cff9c755df5e064547215255?s=96&d=mm&r=g","contentUrl":"https:\/\/secure.gravatar.com\/avatar\/33d44d4ed95a2cbe060bbf3aad093fdda5b04e10cff9c755df5e064547215255?s=96&d=mm&r=g","caption":"Elisa Kirbst"},"url":"https:\/\/www.eteach-thueringen.de\/en\/author\/roqe3217\/"}]}},"_links":{"self":[{"href":"https:\/\/www.eteach-thueringen.de\/en\/wp-json\/wp\/v2\/posts\/17263","targetHints":{"allow":["GET"]}}],"collection":[{"href":"https:\/\/www.eteach-thueringen.de\/en\/wp-json\/wp\/v2\/posts"}],"about":[{"href":"https:\/\/www.eteach-thueringen.de\/en\/wp-json\/wp\/v2\/types\/post"}],"author":[{"embeddable":true,"href":"https:\/\/www.eteach-thueringen.de\/en\/wp-json\/wp\/v2\/users\/15"}],"replies":[{"embeddable":true,"href":"https:\/\/www.eteach-thueringen.de\/en\/wp-json\/wp\/v2\/comments?post=17263"}],"version-history":[{"count":34,"href":"https:\/\/www.eteach-thueringen.de\/en\/wp-json\/wp\/v2\/posts\/17263\/revisions"}],"predecessor-version":[{"id":17323,"href":"https:\/\/www.eteach-thueringen.de\/en\/wp-json\/wp\/v2\/posts\/17263\/revisions\/17323"}],"wp:featuredmedia":[{"embeddable":true,"href":"https:\/\/www.eteach-thueringen.de\/en\/wp-json\/wp\/v2\/media\/17316"}],"wp:attachment":[{"href":"https:\/\/www.eteach-thueringen.de\/en\/wp-json\/wp\/v2\/media?parent=17263"}],"wp:term":[{"taxonomy":"category","embeddable":true,"href":"https:\/\/www.eteach-thueringen.de\/en\/wp-json\/wp\/v2\/categories?post=17263"},{"taxonomy":"post_tag","embeddable":true,"href":"https:\/\/www.eteach-thueringen.de\/en\/wp-json\/wp\/v2\/tags?post=17263"}],"curies":[{"name":"wp","href":"https:\/\/api.w.org\/{rel}","templated":true}]}}