{"id":13339,"date":"2025-02-18T15:22:31","date_gmt":"2025-02-18T14:22:31","guid":{"rendered":"https:\/\/www.eteach-thueringen.de\/?p=13339"},"modified":"2025-02-20T09:03:02","modified_gmt":"2025-02-20T08:03:02","slug":"eteach-retreat-2025","status":"publish","type":"post","link":"https:\/\/www.eteach-thueringen.de\/en\/eteach-retreat-2025\/","title":{"rendered":"Setting the course at the eTeach retreat"},"content":{"rendered":"<div data-elementor-type=\"wp-post\" data-elementor-id=\"13339\" class=\"elementor elementor-13339\" data-elementor-post-type=\"post\">\n\t\t\t\t<div class=\"elementor-element elementor-element-b96bd7a e-flex e-con-boxed e-con e-parent\" data-id=\"b96bd7a\" data-element_type=\"container\" data-e-type=\"container\">\n\t\t\t\t\t<div class=\"e-con-inner\">\n\t\t\t\t<div class=\"elementor-element elementor-element-6c88709 elementor-widget elementor-widget-heading\" data-id=\"6c88709\" data-element_type=\"widget\" data-e-type=\"widget\" data-widget_type=\"heading.default\">\n\t\t\t\t<div class=\"elementor-widget-container\">\n\t\t\t\t\t<h2 class=\"elementor-heading-title elementor-size-default\">Setting the course for 2025 - priorities and changes<\/h2>\t\t\t\t<\/div>\n\t\t\t\t<\/div>\n\t\t\t\t\t<\/div>\n\t\t\t\t<\/div>\n\t\t<div class=\"elementor-element elementor-element-7c3c3ba e-flex e-con-boxed e-con e-parent\" data-id=\"7c3c3ba\" data-element_type=\"container\" data-e-type=\"container\">\n\t\t\t\t\t<div class=\"e-con-inner\">\n\t\t\t\t<div class=\"elementor-element elementor-element-5b98a58 elementor-widget elementor-widget-text-editor\" data-id=\"5b98a58\" data-element_type=\"widget\" data-e-type=\"widget\" data-widget_type=\"text-editor.default\">\n\t\t\t\t<div class=\"elementor-widget-container\">\n\t\t\t\t\t\t\t\t\t<p>In the special atmosphere of the Augustinian monastery, we held intensive discussions and set the course for this year. The focus was on planning for 2025, from large formats such as the annual conference to the many essential details of our courses and work in the fields of digital testing, artificial intelligence, Moodle &amp; Co. and future skills.<\/p><p>Another key topic was the ongoing restructuring of the office. It will take some time for all processes to settle in, but the close exchange with the academic management gives us a clear direction. In future, more intensive communication with the Strategy Council through a representative of the contact points will be particularly important.<br \/>Many thanks to everyone involved - especially the academic management - for their valuable input and constructive cooperation!<br \/><br \/>In addition to the strategic discussions, there was also plenty of time for socializing: at the evening get-together in the historic monastery cellar, there was room for exchange and team building in a relaxed atmosphere. We were also able to welcome a new colleague, Amrita Mondal - as the contact point for the University of Erfurt - to the eTeach network.<\/p><p>With a strong tailwind and a clear focus, we are motivated to take the next steps.<\/p>\t\t\t\t\t\t\t\t<\/div>\n\t\t\t\t<\/div>\n\t\t\t\t\t<\/div>\n\t\t\t\t<\/div>\n\t\t<div class=\"elementor-element elementor-element-e447e8c e-flex e-con-boxed e-con e-parent\" data-id=\"e447e8c\" data-element_type=\"container\" data-e-type=\"container\">\n\t\t\t\t\t<div class=\"e-con-inner\">\n\t\t\t\t<div class=\"elementor-element elementor-element-72b16c6 elementor-widget elementor-widget-gallery\" data-id=\"72b16c6\" data-element_type=\"widget\" data-e-type=\"widget\" data-settings=\"{&quot;lazyload&quot;:&quot;yes&quot;,&quot;gallery_layout&quot;:&quot;grid&quot;,&quot;columns&quot;:4,&quot;columns_tablet&quot;:2,&quot;columns_mobile&quot;:1,&quot;gap&quot;:{&quot;unit&quot;:&quot;px&quot;,&quot;size&quot;:10,&quot;sizes&quot;:[]},&quot;gap_laptop&quot;:{&quot;unit&quot;:&quot;px&quot;,&quot;size&quot;:10,&quot;sizes&quot;:[]},&quot;gap_tablet&quot;:{&quot;unit&quot;:&quot;px&quot;,&quot;size&quot;:10,&quot;sizes&quot;:[]},&quot;gap_mobile&quot;:{&quot;unit&quot;:&quot;px&quot;,&quot;size&quot;:10,&quot;sizes&quot;:[]},&quot;link_to&quot;:&quot;file&quot;,&quot;aspect_ratio&quot;:&quot;3:2&quot;,&quot;overlay_background&quot;:&quot;yes&quot;,&quot;content_hover_animation&quot;:&quot;fade-in&quot;}\" data-widget_type=\"gallery.default\">\n\t\t\t\t<div class=\"elementor-widget-container\">\n\t\t\t\t\t\t\t<div class=\"elementor-gallery__container\">\n\t\t\t\t\t\t\t<a class=\"e-gallery-item elementor-gallery-item elementor-animated-content\" href=\"https:\/\/www.eteach-thueringen.de\/wp-content\/uploads\/2025\/02\/Retreat-Erfurt-2025-4-scaled.jpg\" data-elementor-open-lightbox=\"yes\" data-elementor-lightbox-slideshow=\"72b16c6\" data-elementor-lightbox-title=\"Retreat-Erfurt-2025 (4)\" data-e-action-hash=\"#elementor-action%3Aaction%3Dlightbox%26settings%3DeyJpZCI6MTMzNDUsInVybCI6Imh0dHBzOlwvXC93d3cuZXRlYWNoLXRodWVyaW5nZW4uZGVcL3dwLWNvbnRlbnRcL3VwbG9hZHNcLzIwMjVcLzAyXC9SZXRyZWF0LUVyZnVydC0yMDI1LTQtc2NhbGVkLmpwZyIsInNsaWRlc2hvdyI6IjcyYjE2YzYifQ%3D%3D\">\n\t\t\t\t\t<div class=\"e-gallery-image elementor-gallery-item__image\" data-thumbnail=\"https:\/\/www.eteach-thueringen.de\/wp-content\/uploads\/2025\/02\/Retreat-Erfurt-2025-4-300x300.jpg\" data-width=\"300\" data-height=\"300\" aria-label=\"\" role=\"img\" ><\/div>\n\t\t\t\t\t\t\t\t\t\t\t<div class=\"elementor-gallery-item__overlay\"><\/div>\n\t\t\t\t\t\t\t\t\t\t\t\t\t\t<\/a>\n\t\t\t\t\t\t\t<a class=\"e-gallery-item elementor-gallery-item elementor-animated-content\" href=\"https:\/\/www.eteach-thueringen.de\/wp-content\/uploads\/2025\/02\/Retreat-Erfurt-2025-14-scaled.jpg\" data-elementor-open-lightbox=\"yes\" data-elementor-lightbox-slideshow=\"72b16c6\" data-elementor-lightbox-title=\"Retreat-Erfurt-2025 (14)\" data-e-action-hash=\"#elementor-action%3Aaction%3Dlightbox%26settings%3DeyJpZCI6MTMzNTEsInVybCI6Imh0dHBzOlwvXC93d3cuZXRlYWNoLXRodWVyaW5nZW4uZGVcL3dwLWNvbnRlbnRcL3VwbG9hZHNcLzIwMjVcLzAyXC9SZXRyZWF0LUVyZnVydC0yMDI1LTE0LXNjYWxlZC5qcGciLCJzbGlkZXNob3ciOiI3MmIxNmM2In0%3D\">\n\t\t\t\t\t<div class=\"e-gallery-image elementor-gallery-item__image\" data-thumbnail=\"https:\/\/www.eteach-thueringen.de\/wp-content\/uploads\/2025\/02\/Retreat-Erfurt-2025-14-300x300.jpg\" data-width=\"300\" data-height=\"300\" aria-label=\"\" role=\"img\" ><\/div>\n\t\t\t\t\t\t\t\t\t\t\t<div class=\"elementor-gallery-item__overlay\"><\/div>\n\t\t\t\t\t\t\t\t\t\t\t\t\t\t<\/a>\n\t\t\t\t\t\t\t<a class=\"e-gallery-item elementor-gallery-item elementor-animated-content\" href=\"https:\/\/www.eteach-thueringen.de\/wp-content\/uploads\/2025\/02\/Retreat-Erfurt-2025-1-scaled.jpg\" data-elementor-open-lightbox=\"yes\" data-elementor-lightbox-slideshow=\"72b16c6\" data-elementor-lightbox-title=\"Retreat-Erfurt-2025 (1)\" data-e-action-hash=\"#elementor-action%3Aaction%3Dlightbox%26settings%3DeyJpZCI6MTMzNTIsInVybCI6Imh0dHBzOlwvXC93d3cuZXRlYWNoLXRodWVyaW5nZW4uZGVcL3dwLWNvbnRlbnRcL3VwbG9hZHNcLzIwMjVcLzAyXC9SZXRyZWF0LUVyZnVydC0yMDI1LTEtc2NhbGVkLmpwZyIsInNsaWRlc2hvdyI6IjcyYjE2YzYifQ%3D%3D\">\n\t\t\t\t\t<div class=\"e-gallery-image elementor-gallery-item__image\" data-thumbnail=\"https:\/\/www.eteach-thueringen.de\/wp-content\/uploads\/2025\/02\/Retreat-Erfurt-2025-1-300x300.jpg\" data-width=\"300\" data-height=\"300\" aria-label=\"\" role=\"img\" ><\/div>\n\t\t\t\t\t\t\t\t\t\t\t<div class=\"elementor-gallery-item__overlay\"><\/div>\n\t\t\t\t\t\t\t\t\t\t\t\t\t\t<\/a>\n\t\t\t\t\t\t\t<a class=\"e-gallery-item elementor-gallery-item elementor-animated-content\" href=\"https:\/\/www.eteach-thueringen.de\/wp-content\/uploads\/2025\/02\/Retreat-Erfurt-2025-2-scaled.jpg\" data-elementor-open-lightbox=\"yes\" data-elementor-lightbox-slideshow=\"72b16c6\" data-elementor-lightbox-title=\"Retreat-Erfurt-2025 (2)\" data-e-action-hash=\"#elementor-action%3Aaction%3Dlightbox%26settings%3DeyJpZCI6MTMzNDMsInVybCI6Imh0dHBzOlwvXC93d3cuZXRlYWNoLXRodWVyaW5nZW4uZGVcL3dwLWNvbnRlbnRcL3VwbG9hZHNcLzIwMjVcLzAyXC9SZXRyZWF0LUVyZnVydC0yMDI1LTItc2NhbGVkLmpwZyIsInNsaWRlc2hvdyI6IjcyYjE2YzYifQ%3D%3D\">\n\t\t\t\t\t<div class=\"e-gallery-image elementor-gallery-item__image\" data-thumbnail=\"https:\/\/www.eteach-thueringen.de\/wp-content\/uploads\/2025\/02\/Retreat-Erfurt-2025-2-300x300.jpg\" data-width=\"300\" data-height=\"300\" aria-label=\"\" role=\"img\" ><\/div>\n\t\t\t\t\t\t\t\t\t\t\t<div class=\"elementor-gallery-item__overlay\"><\/div>\n\t\t\t\t\t\t\t\t\t\t\t\t\t\t<\/a>\n\t\t\t\t\t\t\t<a class=\"e-gallery-item elementor-gallery-item elementor-animated-content\" href=\"https:\/\/www.eteach-thueringen.de\/wp-content\/uploads\/2025\/02\/Retreat-Erfurt-2025-13-scaled.jpg\" data-elementor-open-lightbox=\"yes\" data-elementor-lightbox-slideshow=\"72b16c6\" data-elementor-lightbox-title=\"Retreat-Erfurt-2025 (13)\" data-e-action-hash=\"#elementor-action%3Aaction%3Dlightbox%26settings%3DeyJpZCI6MTMzNTAsInVybCI6Imh0dHBzOlwvXC93d3cuZXRlYWNoLXRodWVyaW5nZW4uZGVcL3dwLWNvbnRlbnRcL3VwbG9hZHNcLzIwMjVcLzAyXC9SZXRyZWF0LUVyZnVydC0yMDI1LTEzLXNjYWxlZC5qcGciLCJzbGlkZXNob3ciOiI3MmIxNmM2In0%3D\">\n\t\t\t\t\t<div class=\"e-gallery-image elementor-gallery-item__image\" data-thumbnail=\"https:\/\/www.eteach-thueringen.de\/wp-content\/uploads\/2025\/02\/Retreat-Erfurt-2025-13-300x300.jpg\" data-width=\"300\" data-height=\"300\" aria-label=\"\" role=\"img\" ><\/div>\n\t\t\t\t\t\t\t\t\t\t\t<div class=\"elementor-gallery-item__overlay\"><\/div>\n\t\t\t\t\t\t\t\t\t\t\t\t\t\t<\/a>\n\t\t\t\t\t\t\t<a class=\"e-gallery-item elementor-gallery-item elementor-animated-content\" href=\"https:\/\/www.eteach-thueringen.de\/wp-content\/uploads\/2025\/02\/IMG_9941.jpeg\" data-elementor-open-lightbox=\"yes\" data-elementor-lightbox-slideshow=\"72b16c6\" data-elementor-lightbox-title=\"IMG_9941\" data-e-action-hash=\"#elementor-action%3Aaction%3Dlightbox%26settings%3DeyJpZCI6MTMzNTgsInVybCI6Imh0dHBzOlwvXC93d3cuZXRlYWNoLXRodWVyaW5nZW4uZGVcL3dwLWNvbnRlbnRcL3VwbG9hZHNcLzIwMjVcLzAyXC9JTUdfOTk0MS5qcGVnIiwic2xpZGVzaG93IjoiNzJiMTZjNiJ9\">\n\t\t\t\t\t<div class=\"e-gallery-image elementor-gallery-item__image\" data-thumbnail=\"https:\/\/www.eteach-thueringen.de\/wp-content\/uploads\/2025\/02\/IMG_9941-225x300.jpeg\" data-width=\"225\" data-height=\"300\" aria-label=\"\" role=\"img\" ><\/div>\n\t\t\t\t\t\t\t\t\t\t\t<div class=\"elementor-gallery-item__overlay\"><\/div>\n\t\t\t\t\t\t\t\t\t\t\t\t\t\t<\/a>\n\t\t\t\t\t\t\t<a class=\"e-gallery-item elementor-gallery-item elementor-animated-content\" href=\"https:\/\/www.eteach-thueringen.de\/wp-content\/uploads\/2025\/02\/IMG_9948.jpeg\" data-elementor-open-lightbox=\"yes\" data-elementor-lightbox-slideshow=\"72b16c6\" data-elementor-lightbox-title=\"IMG_9948\" data-e-action-hash=\"#elementor-action%3Aaction%3Dlightbox%26settings%3DeyJpZCI6MTMzNDEsInVybCI6Imh0dHBzOlwvXC93d3cuZXRlYWNoLXRodWVyaW5nZW4uZGVcL3dwLWNvbnRlbnRcL3VwbG9hZHNcLzIwMjVcLzAyXC9JTUdfOTk0OC5qcGVnIiwic2xpZGVzaG93IjoiNzJiMTZjNiJ9\">\n\t\t\t\t\t<div class=\"e-gallery-image elementor-gallery-item__image\" data-thumbnail=\"https:\/\/www.eteach-thueringen.de\/wp-content\/uploads\/2025\/02\/IMG_9948-225x300.jpeg\" data-width=\"225\" data-height=\"300\" aria-label=\"\" role=\"img\" ><\/div>\n\t\t\t\t\t\t\t\t\t\t\t<div class=\"elementor-gallery-item__overlay\"><\/div>\n\t\t\t\t\t\t\t\t\t\t\t\t\t\t<\/a>\n\t\t\t\t\t\t\t<a class=\"e-gallery-item elementor-gallery-item elementor-animated-content\" href=\"https:\/\/www.eteach-thueringen.de\/wp-content\/uploads\/2025\/02\/IMG_9947.jpeg\" data-elementor-open-lightbox=\"yes\" data-elementor-lightbox-slideshow=\"72b16c6\" data-elementor-lightbox-title=\"IMG_9947\" data-e-action-hash=\"#elementor-action%3Aaction%3Dlightbox%26settings%3DeyJpZCI6MTMzNjEsInVybCI6Imh0dHBzOlwvXC93d3cuZXRlYWNoLXRodWVyaW5nZW4uZGVcL3dwLWNvbnRlbnRcL3VwbG9hZHNcLzIwMjVcLzAyXC9JTUdfOTk0Ny5qcGVnIiwic2xpZGVzaG93IjoiNzJiMTZjNiJ9\">\n\t\t\t\t\t<div class=\"e-gallery-image elementor-gallery-item__image\" data-thumbnail=\"https:\/\/www.eteach-thueringen.de\/wp-content\/uploads\/2025\/02\/IMG_9947-300x225.jpeg\" data-width=\"300\" data-height=\"225\" aria-label=\"\" role=\"img\" ><\/div>\n\t\t\t\t\t\t\t\t\t\t\t<div class=\"elementor-gallery-item__overlay\"><\/div>\n\t\t\t\t\t\t\t\t\t\t\t\t\t\t<\/a>\n\t\t\t\t\t\t\t<a class=\"e-gallery-item elementor-gallery-item elementor-animated-content\" href=\"https:\/\/www.eteach-thueringen.de\/wp-content\/uploads\/2025\/02\/Retreat-Erfurt-2025-11-scaled.jpg\" data-elementor-open-lightbox=\"yes\" data-elementor-lightbox-slideshow=\"72b16c6\" data-elementor-lightbox-title=\"Retreat-Erfurt-2025 (11)\" data-e-action-hash=\"#elementor-action%3Aaction%3Dlightbox%26settings%3DeyJpZCI6MTMzNDksInVybCI6Imh0dHBzOlwvXC93d3cuZXRlYWNoLXRodWVyaW5nZW4uZGVcL3dwLWNvbnRlbnRcL3VwbG9hZHNcLzIwMjVcLzAyXC9SZXRyZWF0LUVyZnVydC0yMDI1LTExLXNjYWxlZC5qcGciLCJzbGlkZXNob3ciOiI3MmIxNmM2In0%3D\">\n\t\t\t\t\t<div class=\"e-gallery-image elementor-gallery-item__image\" data-thumbnail=\"https:\/\/www.eteach-thueringen.de\/wp-content\/uploads\/2025\/02\/Retreat-Erfurt-2025-11-300x300.jpg\" data-width=\"300\" data-height=\"300\" aria-label=\"\" role=\"img\" ><\/div>\n\t\t\t\t\t\t\t\t\t\t\t<div class=\"elementor-gallery-item__overlay\"><\/div>\n\t\t\t\t\t\t\t\t\t\t\t\t\t\t<\/a>\n\t\t\t\t\t\t\t<a class=\"e-gallery-item elementor-gallery-item elementor-animated-content\" href=\"https:\/\/www.eteach-thueringen.de\/wp-content\/uploads\/2025\/02\/IMG_3469-scaled.jpeg\" data-elementor-open-lightbox=\"yes\" data-elementor-lightbox-slideshow=\"72b16c6\" data-elementor-lightbox-title=\"IMG_3469\" data-e-action-hash=\"#elementor-action%3Aaction%3Dlightbox%26settings%3DeyJpZCI6MTMzNTMsInVybCI6Imh0dHBzOlwvXC93d3cuZXRlYWNoLXRodWVyaW5nZW4uZGVcL3dwLWNvbnRlbnRcL3VwbG9hZHNcLzIwMjVcLzAyXC9JTUdfMzQ2OS1zY2FsZWQuanBlZyIsInNsaWRlc2hvdyI6IjcyYjE2YzYifQ%3D%3D\">\n\t\t\t\t\t<div class=\"e-gallery-image elementor-gallery-item__image\" data-thumbnail=\"https:\/\/www.eteach-thueringen.de\/wp-content\/uploads\/2025\/02\/IMG_3469-300x225.jpeg\" data-width=\"300\" data-height=\"225\" aria-label=\"\" role=\"img\" ><\/div>\n\t\t\t\t\t\t\t\t\t\t\t<div class=\"elementor-gallery-item__overlay\"><\/div>\n\t\t\t\t\t\t\t\t\t\t\t\t\t\t<\/a>\n\t\t\t\t\t\t\t<a class=\"e-gallery-item elementor-gallery-item elementor-animated-content\" href=\"https:\/\/www.eteach-thueringen.de\/wp-content\/uploads\/2025\/02\/Retreat-Erfurt-2025-6-scaled.jpg\" data-elementor-open-lightbox=\"yes\" data-elementor-lightbox-slideshow=\"72b16c6\" data-elementor-lightbox-title=\"Retreat-Erfurt-2025 (6)\" data-e-action-hash=\"#elementor-action%3Aaction%3Dlightbox%26settings%3DeyJpZCI6MTMzNDcsInVybCI6Imh0dHBzOlwvXC93d3cuZXRlYWNoLXRodWVyaW5nZW4uZGVcL3dwLWNvbnRlbnRcL3VwbG9hZHNcLzIwMjVcLzAyXC9SZXRyZWF0LUVyZnVydC0yMDI1LTYtc2NhbGVkLmpwZyIsInNsaWRlc2hvdyI6IjcyYjE2YzYifQ%3D%3D\">\n\t\t\t\t\t<div class=\"e-gallery-image elementor-gallery-item__image\" data-thumbnail=\"https:\/\/www.eteach-thueringen.de\/wp-content\/uploads\/2025\/02\/Retreat-Erfurt-2025-6-300x240.jpg\" data-width=\"300\" data-height=\"240\" aria-label=\"\" role=\"img\" ><\/div>\n\t\t\t\t\t\t\t\t\t\t\t<div class=\"elementor-gallery-item__overlay\"><\/div>\n\t\t\t\t\t\t\t\t\t\t\t\t\t\t<\/a>\n\t\t\t\t\t\t\t<a class=\"e-gallery-item elementor-gallery-item elementor-animated-content\" href=\"https:\/\/www.eteach-thueringen.de\/wp-content\/uploads\/2025\/02\/IMG_9934.jpeg\" data-elementor-open-lightbox=\"yes\" data-elementor-lightbox-slideshow=\"72b16c6\" data-elementor-lightbox-title=\"IMG_9934\" data-e-action-hash=\"#elementor-action%3Aaction%3Dlightbox%26settings%3DeyJpZCI6MTMzNTUsInVybCI6Imh0dHBzOlwvXC93d3cuZXRlYWNoLXRodWVyaW5nZW4uZGVcL3dwLWNvbnRlbnRcL3VwbG9hZHNcLzIwMjVcLzAyXC9JTUdfOTkzNC5qcGVnIiwic2xpZGVzaG93IjoiNzJiMTZjNiJ9\">\n\t\t\t\t\t<div class=\"e-gallery-image elementor-gallery-item__image\" data-thumbnail=\"https:\/\/www.eteach-thueringen.de\/wp-content\/uploads\/2025\/02\/IMG_9934-225x300.jpeg\" data-width=\"225\" data-height=\"300\" aria-label=\"\" role=\"img\" ><\/div>\n\t\t\t\t\t\t\t\t\t\t\t<div class=\"elementor-gallery-item__overlay\"><\/div>\n\t\t\t\t\t\t\t\t\t\t\t\t\t\t<\/a>\n\t\t\t\t\t<\/div>\n\t\t\t\t\t<\/div>\n\t\t\t\t<\/div>\n\t\t\t\t\t<\/div>\n\t\t\t\t<\/div>\n\t\t\t\t<\/div>","protected":false},"excerpt":{"rendered":"<p>In the special atmosphere of the Augstiner Monastery, we held intensive discussions and set the course for this year. The focus was on planning for 2025, from large formats such as the annual conference to the many essential details of our courses and work in the fields of activity.<\/p>","protected":false},"author":15,"featured_media":13347,"comment_status":"open","ping_status":"open","sticky":false,"template":"","format":"standard","meta":{"footnotes":""},"categories":[1],"tags":[],"class_list":["post-13339","post","type-post","status-publish","format-standard","has-post-thumbnail","hentry","category-allgemein"],"yoast_head":"<!-- This site is optimized with the Yoast SEO plugin v27.4 - https:\/\/yoast.com\/product\/yoast-seo-wordpress\/ -->\n<title>Weichenstellung auf dem eTeach-Retreat - eTeach-Netzwerk Th\u00fcringen<\/title>\n<meta name=\"robots\" content=\"index, follow, max-snippet:-1, max-image-preview:large, max-video-preview:-1\" \/>\n<link rel=\"canonical\" href=\"https:\/\/www.eteach-thueringen.de\/en\/eteach-retreat-2025\/\" \/>\n<meta property=\"og:locale\" content=\"en_US\" \/>\n<meta property=\"og:type\" content=\"article\" \/>\n<meta property=\"og:title\" content=\"Weichenstellung auf dem eTeach-Retreat - eTeach-Netzwerk Th\u00fcringen\" \/>\n<meta property=\"og:description\" content=\"In der besonderen Atmosph\u00e4re des Augstiner-Klosters haben wir intensive Gespr\u00e4che gef\u00fchrt und wichtige Weichen f\u00fcr dieses Jahr gestellt. Im Mittelpunkt stand die Planung f\u00fcr 2025, von gro\u00dfen Formaten wie der Jahrestagung bis hin zu den vielen essenziellen Details unserer Kurse und der Arbeit in den Arbeitsfeldern.\" \/>\n<meta property=\"og:url\" content=\"https:\/\/www.eteach-thueringen.de\/en\/eteach-retreat-2025\/\" \/>\n<meta property=\"og:site_name\" content=\"eTeach-Netzwerk Th\u00fcringen\" \/>\n<meta property=\"article:published_time\" content=\"2025-02-18T14:22:31+00:00\" \/>\n<meta property=\"article:modified_time\" content=\"2025-02-20T08:03:02+00:00\" \/>\n<meta property=\"og:image\" content=\"https:\/\/www.eteach-thueringen.de\/wp-content\/uploads\/2025\/02\/Retreat-Erfurt-2025-6-scaled.jpg\" \/>\n\t<meta property=\"og:image:width\" content=\"2560\" \/>\n\t<meta property=\"og:image:height\" content=\"2048\" \/>\n\t<meta property=\"og:image:type\" content=\"image\/jpeg\" \/>\n<meta name=\"author\" content=\"Elisa Kirbst\" \/>\n<meta name=\"twitter:card\" content=\"summary_large_image\" \/>\n<meta name=\"twitter:label1\" content=\"Written by\" \/>\n\t<meta name=\"twitter:data1\" content=\"Elisa Kirbst\" \/>\n\t<meta name=\"twitter:label2\" content=\"Est. reading time\" \/>\n\t<meta name=\"twitter:data2\" content=\"2 minutes\" \/>\n<script type=\"application\/ld+json\" class=\"yoast-schema-graph\">{\"@context\":\"https:\\\/\\\/schema.org\",\"@graph\":[{\"@type\":\"Article\",\"@id\":\"https:\\\/\\\/www.eteach-thueringen.de\\\/eteach-retreat-2025\\\/#article\",\"isPartOf\":{\"@id\":\"https:\\\/\\\/www.eteach-thueringen.de\\\/eteach-retreat-2025\\\/\"},\"author\":{\"name\":\"Elisa Kirbst\",\"@id\":\"https:\\\/\\\/www.eteach-thueringen.de\\\/#\\\/schema\\\/person\\\/3efbb4bcd57c9bc721f472d9245bb00b\"},\"headline\":\"Weichenstellung auf dem eTeach-Retreat\",\"datePublished\":\"2025-02-18T14:22:31+00:00\",\"dateModified\":\"2025-02-20T08:03:02+00:00\",\"mainEntityOfPage\":{\"@id\":\"https:\\\/\\\/www.eteach-thueringen.de\\\/eteach-retreat-2025\\\/\"},\"wordCount\":216,\"commentCount\":0,\"publisher\":{\"@id\":\"https:\\\/\\\/www.eteach-thueringen.de\\\/#organization\"},\"image\":{\"@id\":\"https:\\\/\\\/www.eteach-thueringen.de\\\/eteach-retreat-2025\\\/#primaryimage\"},\"thumbnailUrl\":\"https:\\\/\\\/www.eteach-thueringen.de\\\/wp-content\\\/uploads\\\/2025\\\/02\\\/Retreat-Erfurt-2025-6-scaled.jpg\",\"articleSection\":[\"Allgemein\"],\"inLanguage\":\"en-US\",\"potentialAction\":[{\"@type\":\"CommentAction\",\"name\":\"Comment\",\"target\":[\"https:\\\/\\\/www.eteach-thueringen.de\\\/eteach-retreat-2025\\\/#respond\"]}]},{\"@type\":\"WebPage\",\"@id\":\"https:\\\/\\\/www.eteach-thueringen.de\\\/eteach-retreat-2025\\\/\",\"url\":\"https:\\\/\\\/www.eteach-thueringen.de\\\/eteach-retreat-2025\\\/\",\"name\":\"Weichenstellung auf dem eTeach-Retreat - eTeach-Netzwerk Th\u00fcringen\",\"isPartOf\":{\"@id\":\"https:\\\/\\\/www.eteach-thueringen.de\\\/#website\"},\"primaryImageOfPage\":{\"@id\":\"https:\\\/\\\/www.eteach-thueringen.de\\\/eteach-retreat-2025\\\/#primaryimage\"},\"image\":{\"@id\":\"https:\\\/\\\/www.eteach-thueringen.de\\\/eteach-retreat-2025\\\/#primaryimage\"},\"thumbnailUrl\":\"https:\\\/\\\/www.eteach-thueringen.de\\\/wp-content\\\/uploads\\\/2025\\\/02\\\/Retreat-Erfurt-2025-6-scaled.jpg\",\"datePublished\":\"2025-02-18T14:22:31+00:00\",\"dateModified\":\"2025-02-20T08:03:02+00:00\",\"breadcrumb\":{\"@id\":\"https:\\\/\\\/www.eteach-thueringen.de\\\/eteach-retreat-2025\\\/#breadcrumb\"},\"inLanguage\":\"en-US\",\"potentialAction\":[{\"@type\":\"ReadAction\",\"target\":[\"https:\\\/\\\/www.eteach-thueringen.de\\\/eteach-retreat-2025\\\/\"]}]},{\"@type\":\"ImageObject\",\"inLanguage\":\"en-US\",\"@id\":\"https:\\\/\\\/www.eteach-thueringen.de\\\/eteach-retreat-2025\\\/#primaryimage\",\"url\":\"https:\\\/\\\/www.eteach-thueringen.de\\\/wp-content\\\/uploads\\\/2025\\\/02\\\/Retreat-Erfurt-2025-6-scaled.jpg\",\"contentUrl\":\"https:\\\/\\\/www.eteach-thueringen.de\\\/wp-content\\\/uploads\\\/2025\\\/02\\\/Retreat-Erfurt-2025-6-scaled.jpg\",\"width\":2560,\"height\":2048},{\"@type\":\"BreadcrumbList\",\"@id\":\"https:\\\/\\\/www.eteach-thueringen.de\\\/eteach-retreat-2025\\\/#breadcrumb\",\"itemListElement\":[{\"@type\":\"ListItem\",\"position\":1,\"name\":\"Startseite\",\"item\":\"https:\\\/\\\/www.eteach-thueringen.de\\\/\"},{\"@type\":\"ListItem\",\"position\":2,\"name\":\"Weichenstellung auf dem eTeach-Retreat\"}]},{\"@type\":\"WebSite\",\"@id\":\"https:\\\/\\\/www.eteach-thueringen.de\\\/#website\",\"url\":\"https:\\\/\\\/www.eteach-thueringen.de\\\/\",\"name\":\"eTeach-Netzwerk Th\u00fcringen\",\"description\":\"\",\"publisher\":{\"@id\":\"https:\\\/\\\/www.eteach-thueringen.de\\\/#organization\"},\"potentialAction\":[{\"@type\":\"SearchAction\",\"target\":{\"@type\":\"EntryPoint\",\"urlTemplate\":\"https:\\\/\\\/www.eteach-thueringen.de\\\/?s={search_term_string}\"},\"query-input\":{\"@type\":\"PropertyValueSpecification\",\"valueRequired\":true,\"valueName\":\"search_term_string\"}}],\"inLanguage\":\"en-US\"},{\"@type\":\"Organization\",\"@id\":\"https:\\\/\\\/www.eteach-thueringen.de\\\/#organization\",\"name\":\"eTeach-Netzwerk Th\u00fcringen\",\"url\":\"https:\\\/\\\/www.eteach-thueringen.de\\\/\",\"logo\":{\"@type\":\"ImageObject\",\"inLanguage\":\"en-US\",\"@id\":\"https:\\\/\\\/www.eteach-thueringen.de\\\/#\\\/schema\\\/logo\\\/image\\\/\",\"url\":\"https:\\\/\\\/www.eteach-thueringen.de\\\/wp-content\\\/uploads\\\/2023\\\/01\\\/eTeach_Logo_offblack_offwhite_rund.png\",\"contentUrl\":\"https:\\\/\\\/www.eteach-thueringen.de\\\/wp-content\\\/uploads\\\/2023\\\/01\\\/eTeach_Logo_offblack_offwhite_rund.png\",\"width\":1151,\"height\":1152,\"caption\":\"eTeach-Netzwerk Th\u00fcringen\"},\"image\":{\"@id\":\"https:\\\/\\\/www.eteach-thueringen.de\\\/#\\\/schema\\\/logo\\\/image\\\/\"},\"sameAs\":[\"https:\\\/\\\/www.instagram.com\\\/eteachnetzwerk.thueringen\\\/\",\"https:\\\/\\\/www.linkedin.com\\\/company\\\/eteach-netzwerk-thringen\\\/\"]},{\"@type\":\"Person\",\"@id\":\"https:\\\/\\\/www.eteach-thueringen.de\\\/#\\\/schema\\\/person\\\/3efbb4bcd57c9bc721f472d9245bb00b\",\"name\":\"Elisa Kirbst\",\"image\":{\"@type\":\"ImageObject\",\"inLanguage\":\"en-US\",\"@id\":\"https:\\\/\\\/secure.gravatar.com\\\/avatar\\\/33d44d4ed95a2cbe060bbf3aad093fdda5b04e10cff9c755df5e064547215255?s=96&d=mm&r=g\",\"url\":\"https:\\\/\\\/secure.gravatar.com\\\/avatar\\\/33d44d4ed95a2cbe060bbf3aad093fdda5b04e10cff9c755df5e064547215255?s=96&d=mm&r=g\",\"contentUrl\":\"https:\\\/\\\/secure.gravatar.com\\\/avatar\\\/33d44d4ed95a2cbe060bbf3aad093fdda5b04e10cff9c755df5e064547215255?s=96&d=mm&r=g\",\"caption\":\"Elisa Kirbst\"},\"url\":\"https:\\\/\\\/www.eteach-thueringen.de\\\/en\\\/author\\\/roqe3217\\\/\"}]}<\/script>\n<!-- \/ Yoast SEO plugin. -->","yoast_head_json":{"title":"Setting the course at the eTeach retreat - eTeach-Netzwerk Th\u00fcringen","robots":{"index":"index","follow":"follow","max-snippet":"max-snippet:-1","max-image-preview":"max-image-preview:large","max-video-preview":"max-video-preview:-1"},"canonical":"https:\/\/www.eteach-thueringen.de\/en\/eteach-retreat-2025\/","og_locale":"en_US","og_type":"article","og_title":"Weichenstellung auf dem eTeach-Retreat - eTeach-Netzwerk Th\u00fcringen","og_description":"In der besonderen Atmosph\u00e4re des Augstiner-Klosters haben wir intensive Gespr\u00e4che gef\u00fchrt und wichtige Weichen f\u00fcr dieses Jahr gestellt. Im Mittelpunkt stand die Planung f\u00fcr 2025, von gro\u00dfen Formaten wie der Jahrestagung bis hin zu den vielen essenziellen Details unserer Kurse und der Arbeit in den Arbeitsfeldern.","og_url":"https:\/\/www.eteach-thueringen.de\/en\/eteach-retreat-2025\/","og_site_name":"eTeach-Netzwerk Th\u00fcringen","article_published_time":"2025-02-18T14:22:31+00:00","article_modified_time":"2025-02-20T08:03:02+00:00","og_image":[{"width":2560,"height":2048,"url":"https:\/\/www.eteach-thueringen.de\/wp-content\/uploads\/2025\/02\/Retreat-Erfurt-2025-6-scaled.jpg","type":"image\/jpeg"}],"author":"Elisa Kirbst","twitter_card":"summary_large_image","twitter_misc":{"Written by":"Elisa Kirbst","Est. reading time":"2 minutes"},"schema":{"@context":"https:\/\/schema.org","@graph":[{"@type":"Article","@id":"https:\/\/www.eteach-thueringen.de\/eteach-retreat-2025\/#article","isPartOf":{"@id":"https:\/\/www.eteach-thueringen.de\/eteach-retreat-2025\/"},"author":{"name":"Elisa Kirbst","@id":"https:\/\/www.eteach-thueringen.de\/#\/schema\/person\/3efbb4bcd57c9bc721f472d9245bb00b"},"headline":"Weichenstellung auf dem eTeach-Retreat","datePublished":"2025-02-18T14:22:31+00:00","dateModified":"2025-02-20T08:03:02+00:00","mainEntityOfPage":{"@id":"https:\/\/www.eteach-thueringen.de\/eteach-retreat-2025\/"},"wordCount":216,"commentCount":0,"publisher":{"@id":"https:\/\/www.eteach-thueringen.de\/#organization"},"image":{"@id":"https:\/\/www.eteach-thueringen.de\/eteach-retreat-2025\/#primaryimage"},"thumbnailUrl":"https:\/\/www.eteach-thueringen.de\/wp-content\/uploads\/2025\/02\/Retreat-Erfurt-2025-6-scaled.jpg","articleSection":["Allgemein"],"inLanguage":"en-US","potentialAction":[{"@type":"CommentAction","name":"Comment","target":["https:\/\/www.eteach-thueringen.de\/eteach-retreat-2025\/#respond"]}]},{"@type":"WebPage","@id":"https:\/\/www.eteach-thueringen.de\/eteach-retreat-2025\/","url":"https:\/\/www.eteach-thueringen.de\/eteach-retreat-2025\/","name":"Setting the course at the eTeach retreat - eTeach-Netzwerk Th\u00fcringen","isPartOf":{"@id":"https:\/\/www.eteach-thueringen.de\/#website"},"primaryImageOfPage":{"@id":"https:\/\/www.eteach-thueringen.de\/eteach-retreat-2025\/#primaryimage"},"image":{"@id":"https:\/\/www.eteach-thueringen.de\/eteach-retreat-2025\/#primaryimage"},"thumbnailUrl":"https:\/\/www.eteach-thueringen.de\/wp-content\/uploads\/2025\/02\/Retreat-Erfurt-2025-6-scaled.jpg","datePublished":"2025-02-18T14:22:31+00:00","dateModified":"2025-02-20T08:03:02+00:00","breadcrumb":{"@id":"https:\/\/www.eteach-thueringen.de\/eteach-retreat-2025\/#breadcrumb"},"inLanguage":"en-US","potentialAction":[{"@type":"ReadAction","target":["https:\/\/www.eteach-thueringen.de\/eteach-retreat-2025\/"]}]},{"@type":"ImageObject","inLanguage":"en-US","@id":"https:\/\/www.eteach-thueringen.de\/eteach-retreat-2025\/#primaryimage","url":"https:\/\/www.eteach-thueringen.de\/wp-content\/uploads\/2025\/02\/Retreat-Erfurt-2025-6-scaled.jpg","contentUrl":"https:\/\/www.eteach-thueringen.de\/wp-content\/uploads\/2025\/02\/Retreat-Erfurt-2025-6-scaled.jpg","width":2560,"height":2048},{"@type":"BreadcrumbList","@id":"https:\/\/www.eteach-thueringen.de\/eteach-retreat-2025\/#breadcrumb","itemListElement":[{"@type":"ListItem","position":1,"name":"Startseite","item":"https:\/\/www.eteach-thueringen.de\/"},{"@type":"ListItem","position":2,"name":"Weichenstellung auf dem eTeach-Retreat"}]},{"@type":"WebSite","@id":"https:\/\/www.eteach-thueringen.de\/#website","url":"https:\/\/www.eteach-thueringen.de\/","name":"eTeach Network Thuringia","description":"","publisher":{"@id":"https:\/\/www.eteach-thueringen.de\/#organization"},"potentialAction":[{"@type":"SearchAction","target":{"@type":"EntryPoint","urlTemplate":"https:\/\/www.eteach-thueringen.de\/?s={search_term_string}"},"query-input":{"@type":"PropertyValueSpecification","valueRequired":true,"valueName":"search_term_string"}}],"inLanguage":"en-US"},{"@type":"Organization","@id":"https:\/\/www.eteach-thueringen.de\/#organization","name":"eTeach Network Thuringia","url":"https:\/\/www.eteach-thueringen.de\/","logo":{"@type":"ImageObject","inLanguage":"en-US","@id":"https:\/\/www.eteach-thueringen.de\/#\/schema\/logo\/image\/","url":"https:\/\/www.eteach-thueringen.de\/wp-content\/uploads\/2023\/01\/eTeach_Logo_offblack_offwhite_rund.png","contentUrl":"https:\/\/www.eteach-thueringen.de\/wp-content\/uploads\/2023\/01\/eTeach_Logo_offblack_offwhite_rund.png","width":1151,"height":1152,"caption":"eTeach-Netzwerk Th\u00fcringen"},"image":{"@id":"https:\/\/www.eteach-thueringen.de\/#\/schema\/logo\/image\/"},"sameAs":["https:\/\/www.instagram.com\/eteachnetzwerk.thueringen\/","https:\/\/www.linkedin.com\/company\/eteach-netzwerk-thringen\/"]},{"@type":"Person","@id":"https:\/\/www.eteach-thueringen.de\/#\/schema\/person\/3efbb4bcd57c9bc721f472d9245bb00b","name":"Elisa Kirbst","image":{"@type":"ImageObject","inLanguage":"en-US","@id":"https:\/\/secure.gravatar.com\/avatar\/33d44d4ed95a2cbe060bbf3aad093fdda5b04e10cff9c755df5e064547215255?s=96&d=mm&r=g","url":"https:\/\/secure.gravatar.com\/avatar\/33d44d4ed95a2cbe060bbf3aad093fdda5b04e10cff9c755df5e064547215255?s=96&d=mm&r=g","contentUrl":"https:\/\/secure.gravatar.com\/avatar\/33d44d4ed95a2cbe060bbf3aad093fdda5b04e10cff9c755df5e064547215255?s=96&d=mm&r=g","caption":"Elisa Kirbst"},"url":"https:\/\/www.eteach-thueringen.de\/en\/author\/roqe3217\/"}]}},"_links":{"self":[{"href":"https:\/\/www.eteach-thueringen.de\/en\/wp-json\/wp\/v2\/posts\/13339","targetHints":{"allow":["GET"]}}],"collection":[{"href":"https:\/\/www.eteach-thueringen.de\/en\/wp-json\/wp\/v2\/posts"}],"about":[{"href":"https:\/\/www.eteach-thueringen.de\/en\/wp-json\/wp\/v2\/types\/post"}],"author":[{"embeddable":true,"href":"https:\/\/www.eteach-thueringen.de\/en\/wp-json\/wp\/v2\/users\/15"}],"replies":[{"embeddable":true,"href":"https:\/\/www.eteach-thueringen.de\/en\/wp-json\/wp\/v2\/comments?post=13339"}],"version-history":[{"count":16,"href":"https:\/\/www.eteach-thueringen.de\/en\/wp-json\/wp\/v2\/posts\/13339\/revisions"}],"predecessor-version":[{"id":13381,"href":"https:\/\/www.eteach-thueringen.de\/en\/wp-json\/wp\/v2\/posts\/13339\/revisions\/13381"}],"wp:featuredmedia":[{"embeddable":true,"href":"https:\/\/www.eteach-thueringen.de\/en\/wp-json\/wp\/v2\/media\/13347"}],"wp:attachment":[{"href":"https:\/\/www.eteach-thueringen.de\/en\/wp-json\/wp\/v2\/media?parent=13339"}],"wp:term":[{"taxonomy":"category","embeddable":true,"href":"https:\/\/www.eteach-thueringen.de\/en\/wp-json\/wp\/v2\/categories?post=13339"},{"taxonomy":"post_tag","embeddable":true,"href":"https:\/\/www.eteach-thueringen.de\/en\/wp-json\/wp\/v2\/tags?post=13339"}],"curies":[{"name":"wp","href":"https:\/\/api.w.org\/{rel}","templated":true}]}}